{"id":2701,"date":"2021-10-03T14:42:43","date_gmt":"2021-10-03T13:42:43","guid":{"rendered":"https:\/\/teilafabrika.eus\/exposicion-fotografica-de-gordegia\/"},"modified":"2021-10-04T18:38:07","modified_gmt":"2021-10-04T17:38:07","slug":"exposicion-fotografica-de-gordegia","status":"publish","type":"post","link":"https:\/\/teilafabrika.eus\/es\/exposicion-fotografica-de-gordegia\/","title":{"rendered":"Exposici\u00f3n fotogr\u00e1fica de Gordegia"},"content":{"rendered":"\n<p>Gordegia ha expuesto sus archivos fotogr\u00e1ficos en los bares y en diferentes rincones de Egia, y ahora, tenemos la exposici\u00f3n fotogr\u00e1fica en Teila Fabrika, hasta el 29 de octubre. Adem\u00e1s de poder ver varios rostros conocidos, en la colecci\u00f3n hay varios tesoros fotogr\u00e1ficos que son una muestra de la historia del barrio. <\/p>\n\n<p>La exposici\u00f3n se puede ver de lunes a viernes de 10:00 a 18:00, \u00a1animaros a venir!<\/p>\n\n<p><\/p>\n\n<div class=\"wp-block-image\"><figure class=\"aligncenter size-full is-resized\"><img loading=\"lazy\" decoding=\"async\" src=\"https:\/\/teilafabrika.eus\/wp-content\/uploads\/2021\/10\/admin-ajax.png\" alt=\"\" class=\"wp-image-2718\" width=\"315\" height=\"420\" srcset=\"https:\/\/teilafabrika.eus\/wp-content\/uploads\/2021\/10\/admin-ajax.png 300w, https:\/\/teilafabrika.eus\/wp-content\/uploads\/2021\/10\/admin-ajax-225x300.png 225w\" sizes=\"(max-width: 315px) 100vw, 315px\" \/><\/figure><\/div>\n\n<figure class=\"wp-block-video aligncenter\"><video height=\"960\" style=\"aspect-ratio: 800 \/ 960;\" width=\"800\" controls=\"\" src=\"https:\/\/teilafabrika.eus\/wp-content\/uploads\/2021\/10\/VID_193600914_172831_008.mp4\"><\/video><\/figure>","protected":false},"excerpt":{"rendered":"<p>Gordegia ha expuesto sus archivos fotogr\u00e1ficos en los bares y en diferentes rincones de Egia, y ahora, tenemos la exposici\u00f3n fotogr\u00e1fica en Teila Fabrika, hasta el 29 de octubre. Adem\u00e1s de poder ver varios rostros conocidos, en la colecci\u00f3n hay varios tesoros fotogr\u00e1ficos que son una muestra de la historia del barrio. La exposici\u00f3n se [&hellip;]<\/p>\n","protected":false},"author":1,"featured_media":2698,"comment_status":"open","ping_status":"closed","sticky":false,"template":"","format":"standard","meta":{"_et_pb_use_builder":"off","_et_pb_old_content":"","_et_gb_content_width":"","footnotes":""},"categories":[99],"tags":[],"class_list":["post-2701","post","type-post","status-publish","format-standard","has-post-thumbnail","hentry","category-sin-categorizar"],"yoast_head":"<!-- This site is optimized with the Yoast SEO plugin v27.4 - https:\/\/yoast.com\/product\/yoast-seo-wordpress\/ -->\n<title>Exposici\u00f3n fotogr\u00e1fica de Gordegia - Teila Fabrika<\/title>\n<meta name=\"robots\" content=\"index, follow, max-snippet:-1, max-image-preview:large, max-video-preview:-1\" \/>\n<link rel=\"canonical\" href=\"https:\/\/teilafabrika.eus\/gordegiako-argazki-erakusketa\/\" \/>\n<meta property=\"og:locale\" content=\"es_ES\" \/>\n<meta property=\"og:type\" content=\"article\" \/>\n<meta property=\"og:title\" content=\"Exposici\u00f3n fotogr\u00e1fica de Gordegia - Teila Fabrika\" \/>\n<meta property=\"og:description\" content=\"Gordegia ha expuesto sus archivos fotogr\u00e1ficos en los bares y en diferentes rincones de Egia, y ahora, tenemos la exposici\u00f3n fotogr\u00e1fica en Teila Fabrika, hasta el 29 de octubre. Adem\u00e1s de poder ver varios rostros conocidos, en la colecci\u00f3n hay varios tesoros fotogr\u00e1ficos que son una muestra de la historia del barrio. La exposici\u00f3n se [&hellip;]\" \/>\n<meta property=\"og:url\" content=\"https:\/\/teilafabrika.eus\/gordegiako-argazki-erakusketa\/\" \/>\n<meta property=\"og:site_name\" content=\"Teila Fabrika\" \/>\n<meta property=\"article:published_time\" content=\"2021-10-03T13:42:43+00:00\" \/>\n<meta property=\"article:modified_time\" content=\"2021-10-04T17:38:07+00:00\" \/>\n<meta property=\"og:image\" content=\"https:\/\/teilafabrika.eus\/wp-content\/uploads\/2021\/10\/Gordegia-tx-1.png\" \/>\n\t<meta property=\"og:image:width\" content=\"600\" \/>\n\t<meta property=\"og:image:height\" content=\"800\" \/>\n\t<meta property=\"og:image:type\" content=\"image\/png\" \/>\n<meta name=\"author\" content=\"TeilaFabrikaAdmin\" \/>\n<meta name=\"twitter:card\" content=\"summary_large_image\" \/>\n<meta name=\"twitter:label1\" content=\"Escrito por\" \/>\n\t<meta name=\"twitter:data1\" content=\"TeilaFabrikaAdmin\" \/>\n<script type=\"application\/ld+json\" class=\"yoast-schema-graph\">{\"@context\":\"https:\\\/\\\/schema.org\",\"@graph\":[{\"@type\":\"Article\",\"@id\":\"https:\\\/\\\/teilafabrika.eus\\\/gordegiako-argazki-erakusketa\\\/#article\",\"isPartOf\":{\"@id\":\"https:\\\/\\\/teilafabrika.eus\\\/gordegiako-argazki-erakusketa\\\/\"},\"author\":{\"name\":\"TeilaFabrikaAdmin\",\"@id\":\"https:\\\/\\\/teilafabrika.eus\\\/#\\\/schema\\\/person\\\/92376c0b404f9c92fcc8bdf5fe6b51c4\"},\"headline\":\"Exposici\u00f3n fotogr\u00e1fica de Gordegia\",\"datePublished\":\"2021-10-03T13:42:43+00:00\",\"dateModified\":\"2021-10-04T17:38:07+00:00\",\"mainEntityOfPage\":{\"@id\":\"https:\\\/\\\/teilafabrika.eus\\\/gordegiako-argazki-erakusketa\\\/\"},\"wordCount\":78,\"commentCount\":0,\"publisher\":{\"@id\":\"https:\\\/\\\/teilafabrika.eus\\\/#organization\"},\"image\":{\"@id\":\"https:\\\/\\\/teilafabrika.eus\\\/gordegiako-argazki-erakusketa\\\/#primaryimage\"},\"thumbnailUrl\":\"https:\\\/\\\/teilafabrika.eus\\\/wp-content\\\/uploads\\\/2021\\\/10\\\/Gordegia-tx-1.png\",\"articleSection\":[\"Sin categorizar\"],\"inLanguage\":\"es\",\"potentialAction\":[{\"@type\":\"CommentAction\",\"name\":\"Comment\",\"target\":[\"https:\\\/\\\/teilafabrika.eus\\\/gordegiako-argazki-erakusketa\\\/#respond\"]}]},{\"@type\":\"WebPage\",\"@id\":\"https:\\\/\\\/teilafabrika.eus\\\/gordegiako-argazki-erakusketa\\\/\",\"url\":\"https:\\\/\\\/teilafabrika.eus\\\/gordegiako-argazki-erakusketa\\\/\",\"name\":\"Exposici\u00f3n fotogr\u00e1fica de Gordegia - Teila Fabrika\",\"isPartOf\":{\"@id\":\"https:\\\/\\\/teilafabrika.eus\\\/#website\"},\"primaryImageOfPage\":{\"@id\":\"https:\\\/\\\/teilafabrika.eus\\\/gordegiako-argazki-erakusketa\\\/#primaryimage\"},\"image\":{\"@id\":\"https:\\\/\\\/teilafabrika.eus\\\/gordegiako-argazki-erakusketa\\\/#primaryimage\"},\"thumbnailUrl\":\"https:\\\/\\\/teilafabrika.eus\\\/wp-content\\\/uploads\\\/2021\\\/10\\\/Gordegia-tx-1.png\",\"datePublished\":\"2021-10-03T13:42:43+00:00\",\"dateModified\":\"2021-10-04T17:38:07+00:00\",\"breadcrumb\":{\"@id\":\"https:\\\/\\\/teilafabrika.eus\\\/gordegiako-argazki-erakusketa\\\/#breadcrumb\"},\"inLanguage\":\"es\",\"potentialAction\":[{\"@type\":\"ReadAction\",\"target\":[\"https:\\\/\\\/teilafabrika.eus\\\/gordegiako-argazki-erakusketa\\\/\"]}]},{\"@type\":\"ImageObject\",\"inLanguage\":\"es\",\"@id\":\"https:\\\/\\\/teilafabrika.eus\\\/gordegiako-argazki-erakusketa\\\/#primaryimage\",\"url\":\"https:\\\/\\\/teilafabrika.eus\\\/wp-content\\\/uploads\\\/2021\\\/10\\\/Gordegia-tx-1.png\",\"contentUrl\":\"https:\\\/\\\/teilafabrika.eus\\\/wp-content\\\/uploads\\\/2021\\\/10\\\/Gordegia-tx-1.png\",\"width\":600,\"height\":800},{\"@type\":\"BreadcrumbList\",\"@id\":\"https:\\\/\\\/teilafabrika.eus\\\/gordegiako-argazki-erakusketa\\\/#breadcrumb\",\"itemListElement\":[{\"@type\":\"ListItem\",\"position\":1,\"name\":\"Home\",\"item\":\"https:\\\/\\\/teilafabrika.eus\\\/\"},{\"@type\":\"ListItem\",\"position\":2,\"name\":\"Exposici\u00f3n fotogr\u00e1fica de Gordegia\"}]},{\"@type\":\"WebSite\",\"@id\":\"https:\\\/\\\/teilafabrika.eus\\\/#website\",\"url\":\"https:\\\/\\\/teilafabrika.eus\\\/\",\"name\":\"Teila Fabrika\",\"description\":\"Elkarlanean ekiteko eta konektatzeko coworking espazioa\",\"publisher\":{\"@id\":\"https:\\\/\\\/teilafabrika.eus\\\/#organization\"},\"potentialAction\":[{\"@type\":\"SearchAction\",\"target\":{\"@type\":\"EntryPoint\",\"urlTemplate\":\"https:\\\/\\\/teilafabrika.eus\\\/?s={search_term_string}\"},\"query-input\":{\"@type\":\"PropertyValueSpecification\",\"valueRequired\":true,\"valueName\":\"search_term_string\"}}],\"inLanguage\":\"es\"},{\"@type\":\"Organization\",\"@id\":\"https:\\\/\\\/teilafabrika.eus\\\/#organization\",\"name\":\"Teila Fabrika\",\"url\":\"https:\\\/\\\/teilafabrika.eus\\\/\",\"logo\":{\"@type\":\"ImageObject\",\"inLanguage\":\"es\",\"@id\":\"https:\\\/\\\/teilafabrika.eus\\\/#\\\/schema\\\/logo\\\/image\\\/\",\"url\":\"https:\\\/\\\/teilafabrika.eus\\\/wp-content\\\/uploads\\\/2020\\\/11\\\/Teila-fabrika-egia-coworking.png\",\"contentUrl\":\"https:\\\/\\\/teilafabrika.eus\\\/wp-content\\\/uploads\\\/2020\\\/11\\\/Teila-fabrika-egia-coworking.png\",\"width\":315,\"height\":154,\"caption\":\"Teila Fabrika\"},\"image\":{\"@id\":\"https:\\\/\\\/teilafabrika.eus\\\/#\\\/schema\\\/logo\\\/image\\\/\"}},{\"@type\":\"Person\",\"@id\":\"https:\\\/\\\/teilafabrika.eus\\\/#\\\/schema\\\/person\\\/92376c0b404f9c92fcc8bdf5fe6b51c4\",\"name\":\"TeilaFabrikaAdmin\",\"image\":{\"@type\":\"ImageObject\",\"inLanguage\":\"es\",\"@id\":\"https:\\\/\\\/secure.gravatar.com\\\/avatar\\\/be17bfad1e03ae47f13acf38637810903e67dee34c4be5515e79112c1e79ee37?s=96&d=mm&r=g\",\"url\":\"https:\\\/\\\/secure.gravatar.com\\\/avatar\\\/be17bfad1e03ae47f13acf38637810903e67dee34c4be5515e79112c1e79ee37?s=96&d=mm&r=g\",\"contentUrl\":\"https:\\\/\\\/secure.gravatar.com\\\/avatar\\\/be17bfad1e03ae47f13acf38637810903e67dee34c4be5515e79112c1e79ee37?s=96&d=mm&r=g\",\"caption\":\"TeilaFabrikaAdmin\"}}]}<\/script>\n<!-- \/ Yoast SEO plugin. -->","yoast_head_json":{"title":"Exposici\u00f3n fotogr\u00e1fica de Gordegia - Teila Fabrika","robots":{"index":"index","follow":"follow","max-snippet":"max-snippet:-1","max-image-preview":"max-image-preview:large","max-video-preview":"max-video-preview:-1"},"canonical":"https:\/\/teilafabrika.eus\/gordegiako-argazki-erakusketa\/","og_locale":"es_ES","og_type":"article","og_title":"Exposici\u00f3n fotogr\u00e1fica de Gordegia - Teila Fabrika","og_description":"Gordegia ha expuesto sus archivos fotogr\u00e1ficos en los bares y en diferentes rincones de Egia, y ahora, tenemos la exposici\u00f3n fotogr\u00e1fica en Teila Fabrika, hasta el 29 de octubre. Adem\u00e1s de poder ver varios rostros conocidos, en la colecci\u00f3n hay varios tesoros fotogr\u00e1ficos que son una muestra de la historia del barrio. La exposici\u00f3n se [&hellip;]","og_url":"https:\/\/teilafabrika.eus\/gordegiako-argazki-erakusketa\/","og_site_name":"Teila Fabrika","article_published_time":"2021-10-03T13:42:43+00:00","article_modified_time":"2021-10-04T17:38:07+00:00","og_image":[{"width":600,"height":800,"url":"https:\/\/teilafabrika.eus\/wp-content\/uploads\/2021\/10\/Gordegia-tx-1.png","type":"image\/png"}],"author":"TeilaFabrikaAdmin","twitter_card":"summary_large_image","twitter_misc":{"Escrito por":"TeilaFabrikaAdmin"},"schema":{"@context":"https:\/\/schema.org","@graph":[{"@type":"Article","@id":"https:\/\/teilafabrika.eus\/gordegiako-argazki-erakusketa\/#article","isPartOf":{"@id":"https:\/\/teilafabrika.eus\/gordegiako-argazki-erakusketa\/"},"author":{"name":"TeilaFabrikaAdmin","@id":"https:\/\/teilafabrika.eus\/#\/schema\/person\/92376c0b404f9c92fcc8bdf5fe6b51c4"},"headline":"Exposici\u00f3n fotogr\u00e1fica de Gordegia","datePublished":"2021-10-03T13:42:43+00:00","dateModified":"2021-10-04T17:38:07+00:00","mainEntityOfPage":{"@id":"https:\/\/teilafabrika.eus\/gordegiako-argazki-erakusketa\/"},"wordCount":78,"commentCount":0,"publisher":{"@id":"https:\/\/teilafabrika.eus\/#organization"},"image":{"@id":"https:\/\/teilafabrika.eus\/gordegiako-argazki-erakusketa\/#primaryimage"},"thumbnailUrl":"https:\/\/teilafabrika.eus\/wp-content\/uploads\/2021\/10\/Gordegia-tx-1.png","articleSection":["Sin categorizar"],"inLanguage":"es","potentialAction":[{"@type":"CommentAction","name":"Comment","target":["https:\/\/teilafabrika.eus\/gordegiako-argazki-erakusketa\/#respond"]}]},{"@type":"WebPage","@id":"https:\/\/teilafabrika.eus\/gordegiako-argazki-erakusketa\/","url":"https:\/\/teilafabrika.eus\/gordegiako-argazki-erakusketa\/","name":"Exposici\u00f3n fotogr\u00e1fica de Gordegia - Teila Fabrika","isPartOf":{"@id":"https:\/\/teilafabrika.eus\/#website"},"primaryImageOfPage":{"@id":"https:\/\/teilafabrika.eus\/gordegiako-argazki-erakusketa\/#primaryimage"},"image":{"@id":"https:\/\/teilafabrika.eus\/gordegiako-argazki-erakusketa\/#primaryimage"},"thumbnailUrl":"https:\/\/teilafabrika.eus\/wp-content\/uploads\/2021\/10\/Gordegia-tx-1.png","datePublished":"2021-10-03T13:42:43+00:00","dateModified":"2021-10-04T17:38:07+00:00","breadcrumb":{"@id":"https:\/\/teilafabrika.eus\/gordegiako-argazki-erakusketa\/#breadcrumb"},"inLanguage":"es","potentialAction":[{"@type":"ReadAction","target":["https:\/\/teilafabrika.eus\/gordegiako-argazki-erakusketa\/"]}]},{"@type":"ImageObject","inLanguage":"es","@id":"https:\/\/teilafabrika.eus\/gordegiako-argazki-erakusketa\/#primaryimage","url":"https:\/\/teilafabrika.eus\/wp-content\/uploads\/2021\/10\/Gordegia-tx-1.png","contentUrl":"https:\/\/teilafabrika.eus\/wp-content\/uploads\/2021\/10\/Gordegia-tx-1.png","width":600,"height":800},{"@type":"BreadcrumbList","@id":"https:\/\/teilafabrika.eus\/gordegiako-argazki-erakusketa\/#breadcrumb","itemListElement":[{"@type":"ListItem","position":1,"name":"Home","item":"https:\/\/teilafabrika.eus\/"},{"@type":"ListItem","position":2,"name":"Exposici\u00f3n fotogr\u00e1fica de Gordegia"}]},{"@type":"WebSite","@id":"https:\/\/teilafabrika.eus\/#website","url":"https:\/\/teilafabrika.eus\/","name":"Teila Fabrika","description":"Elkarlanean ekiteko eta konektatzeko coworking espazioa","publisher":{"@id":"https:\/\/teilafabrika.eus\/#organization"},"potentialAction":[{"@type":"SearchAction","target":{"@type":"EntryPoint","urlTemplate":"https:\/\/teilafabrika.eus\/?s={search_term_string}"},"query-input":{"@type":"PropertyValueSpecification","valueRequired":true,"valueName":"search_term_string"}}],"inLanguage":"es"},{"@type":"Organization","@id":"https:\/\/teilafabrika.eus\/#organization","name":"Teila Fabrika","url":"https:\/\/teilafabrika.eus\/","logo":{"@type":"ImageObject","inLanguage":"es","@id":"https:\/\/teilafabrika.eus\/#\/schema\/logo\/image\/","url":"https:\/\/teilafabrika.eus\/wp-content\/uploads\/2020\/11\/Teila-fabrika-egia-coworking.png","contentUrl":"https:\/\/teilafabrika.eus\/wp-content\/uploads\/2020\/11\/Teila-fabrika-egia-coworking.png","width":315,"height":154,"caption":"Teila Fabrika"},"image":{"@id":"https:\/\/teilafabrika.eus\/#\/schema\/logo\/image\/"}},{"@type":"Person","@id":"https:\/\/teilafabrika.eus\/#\/schema\/person\/92376c0b404f9c92fcc8bdf5fe6b51c4","name":"TeilaFabrikaAdmin","image":{"@type":"ImageObject","inLanguage":"es","@id":"https:\/\/secure.gravatar.com\/avatar\/be17bfad1e03ae47f13acf38637810903e67dee34c4be5515e79112c1e79ee37?s=96&d=mm&r=g","url":"https:\/\/secure.gravatar.com\/avatar\/be17bfad1e03ae47f13acf38637810903e67dee34c4be5515e79112c1e79ee37?s=96&d=mm&r=g","contentUrl":"https:\/\/secure.gravatar.com\/avatar\/be17bfad1e03ae47f13acf38637810903e67dee34c4be5515e79112c1e79ee37?s=96&d=mm&r=g","caption":"TeilaFabrikaAdmin"}}]}},"_links":{"self":[{"href":"https:\/\/teilafabrika.eus\/es\/wp-json\/wp\/v2\/posts\/2701","targetHints":{"allow":["GET"]}}],"collection":[{"href":"https:\/\/teilafabrika.eus\/es\/wp-json\/wp\/v2\/posts"}],"about":[{"href":"https:\/\/teilafabrika.eus\/es\/wp-json\/wp\/v2\/types\/post"}],"author":[{"embeddable":true,"href":"https:\/\/teilafabrika.eus\/es\/wp-json\/wp\/v2\/users\/1"}],"replies":[{"embeddable":true,"href":"https:\/\/teilafabrika.eus\/es\/wp-json\/wp\/v2\/comments?post=2701"}],"version-history":[{"count":8,"href":"https:\/\/teilafabrika.eus\/es\/wp-json\/wp\/v2\/posts\/2701\/revisions"}],"predecessor-version":[{"id":2722,"href":"https:\/\/teilafabrika.eus\/es\/wp-json\/wp\/v2\/posts\/2701\/revisions\/2722"}],"wp:featuredmedia":[{"embeddable":true,"href":"https:\/\/teilafabrika.eus\/es\/wp-json\/wp\/v2\/media\/2698"}],"wp:attachment":[{"href":"https:\/\/teilafabrika.eus\/es\/wp-json\/wp\/v2\/media?parent=2701"}],"wp:term":[{"taxonomy":"category","embeddable":true,"href":"https:\/\/teilafabrika.eus\/es\/wp-json\/wp\/v2\/categories?post=2701"},{"taxonomy":"post_tag","embeddable":true,"href":"https:\/\/teilafabrika.eus\/es\/wp-json\/wp\/v2\/tags?post=2701"}],"curies":[{"name":"wp","href":"https:\/\/api.w.org\/{rel}","templated":true}]}}