{"id":4161,"date":"2023-02-06T15:20:31","date_gmt":"2023-02-06T14:20:31","guid":{"rendered":"https:\/\/teilafabrika.eus\/descubre-cuando-donde-y-como-pedir-ayudas-para-tu-empresa-asociacion-o-proyecto-profesional\/"},"modified":"2023-03-08T11:10:44","modified_gmt":"2023-03-08T10:10:44","slug":"descubre-cuando-donde-y-como-pedir-ayudas-para-tu-empresa-asociacion-o-proyecto-profesional","status":"publish","type":"post","link":"https:\/\/teilafabrika.eus\/es\/descubre-cuando-donde-y-como-pedir-ayudas-para-tu-empresa-asociacion-o-proyecto-profesional\/","title":{"rendered":"Descubre cu\u00e1ndo, d\u00f3nde y c\u00f3mo pedir ayudas para tu empresa, asociaci\u00f3n o proyecto profesional."},"content":{"rendered":"<div id=\"attachment_4151\" style=\"width: 310px\" class=\"wp-caption alignleft\"><img loading=\"lazy\" decoding=\"async\" aria-describedby=\"caption-attachment-4151\" class=\"wp-image-4150 size-medium\" src=\"https:\/\/teilafabrika.eus\/wp-content\/uploads\/2023\/02\/2-300x300.jpg\" alt=\"\" width=\"300\" height=\"300\" \/><p id=\"caption-attachment-4151\" class=\"wp-caption-text\">Este texto es un resumen de la formaci\u00f3n impartida por Aintzane Muguruza, de Telelandu, el 17 de Enero en Teila Fabrika.<\/p><\/div>\n<p>Antes de nada debemos remarcar que las ayudas econ\u00f3micas son una v\u00eda de financiaci\u00f3n para proyectos<br \/>\nprofesionales y empresariales. Pero a nuestro entender jam\u00e1s debemos de perder la perspectiva de que<br \/>\nes, una de las v\u00edas de financiaci\u00f3n sobre la que se puede sustentar un proyecto profesional o empresarial, pero que jam\u00e1s deber\u00eda de ser la \u00fanica v\u00eda de financiaci\u00f3n. Sustentar cualquier proyecto solamente sobre una v\u00eda de financiaci\u00f3n podr\u00eda en cualquier momento hacer tambalear este en el caso de que los recursos asignados no lleguen.<\/p>\n<p>Dicho esto, las ayudas financieras, ya sean p\u00fablicas o privadas,  se conceden normalmente en modalidad de concurso. Estos concursos acotan las condiciones, los tipos de proyecto financiables,  los plazos, resumiendo acotan todas las condiciones de este. Y como los recursos econ\u00f3micos asignados nunca son infinitos, por norma general lo que se hace es una baremaci\u00f3n entre todos los proyectos que optan a las subvenciones para repartir la bolsa de dinero asignada a dicha ayuda. Pero existen ciertas cuestiones que te tienes que plantear antes de pedir una ayuda para impulsar tu proyecto.<\/p>\n<h2>\u00bfQu\u00e9 es lo que debo reflexionar antes de pedir una ayuda?<\/h2>\n<p>Esto jam\u00e1s lo puedes olvidar y es un requisito indispensable. Debes, si o s\u00ed,  hacerte estas preguntas: \u00bfQu\u00e9 ventajas tiene la ayuda?  \u00bfque te aporta conseguir esa ayuda? \u00bfpara qu\u00e9 utilizar\u00edas la ayuda? \u00bfQu\u00e9 desventajas tiene? \u00bfA qu\u00e9 te obliga el hecho de recibirla?.<\/p>\n<p>Estas preguntas son las que te ayudar\u00e1n a decidir si es conveniente para t\u00ed y tu proyecto presentarte o no. Porque, \u00a1ojo!, a pesar de que a priori no lo parezca, puede haber ayudas que en realidad sean un lastre para tu d\u00eda a d\u00eda y el de tu proyecto.<\/p>\n<h2>Casos en los que las ayudas pueden impulsar tu proyecto.<\/h2>\n<p>Estos son las posibles situaciones en las que recibir una ayuda puede tener un impacto positivo en tu proyecto empresarial:<\/p>\n<ul>\n<li>Cuando tengas en mente abrir nuevas v\u00edas o proyectos y no sea posible financiar estas de otra manera.<\/li>\n<li>Cuando utilizamos estas ayudas para generar nuevas sinergias, relaciones  y modos de cooperaci\u00f3n con otras organizaciones.<\/li>\n<li>En el caso de que utilicemos estas ayudas para la investigaci\u00f3n e innovaci\u00f3n.<\/li>\n<li>Para hacer frente a situaciones inesperadas, como por ejemplo, una pandemia mundial (qui\u00e9n nos lo iba a decir!).<\/li>\n<li>Si utilizamos la ayuda para adecuarnos a nuevas leyes o normativas de obligado cumplimiento.<\/li>\n<\/ul>\n<p>Pongamos que te encuentras en uno de estos supuestos. Pues ahora lo que debes hacer es valorar tambi\u00e9n las ataduras y requisitos que una ayuda lleva consigo. Al fin y al cabo, una ayuda es un compromiso donde las dos partes aportan algo. Por lo tanto informate bien de todos y cada uno de los requisitos y valora si los puedes cumplir.<\/p>\n<h2>La b\u00fasqueda de convocatorias de ayudas econ\u00f3micas. \u00bfPor d\u00f3nde empiezo? \u00bfC\u00f3mo lo hago?<\/h2>\n<p>Estas en lo cierto, nadie va a venir y va a tocar tu puerta dici\u00e9ndote que te ofrece una ayuda econ\u00f3mica. Si quieres descubrir si existe alguna ayuda para ese proyecto, una implantaci\u00f3n nueva, \u2026 o lo que sea, deber\u00e1s de realizar una b\u00fasqueda exhaustiva e imaginativa ya sea a trav\u00e9s de la red o acudiendo a diversos organismos gubernamentales y empresas. <\/p>\n<h2>\u00bfQui\u00e9n nos puede ofrecer ayudas econ\u00f3micas para nuestra organizaci\u00f3n?<\/h2>\n<p>Existen dos tipos de ayudas econ\u00f3micas a groso modo. Por un lado tendr\u00edamos las ayudas de las instituciones p\u00fablicas, y por otro el de organizaciones privadas.<\/p>\n<p>En el caso de las p\u00fablicas podr\u00edamos realizar la b\u00fasqueda en:<\/p>\n<ul>\n<li>Ayuntamientos. Teniendo en cuenta que normalmente todas las convocatorias de ayudas de los ayuntamientos se publican en el bolet\u00edn de las diputaciones forales, es aqu\u00ed donde podr\u00edamos realizar la b\u00fasqueda directamente.<\/li>\n<li>En el caso de Donostia, nuestra ciudad, podr\u00edamos realizar la b\u00fasqueda en la p\u00e1gina web del departamento de Fomento de San Sebasti\u00e1n.<\/li>\n<li>Diputaci\u00f3n foral de Gipuzkoa, en nuestro caso, y si no en la diputaci\u00f3n foral que te corresponda.<\/li>\n<li>Gobiernos auton\u00f3micos<\/li>\n<li>Ayudas del estado Espa\u00f1ol o Franc\u00e9s<\/li>\n<li>Ayudas de instituciones Europeas<\/li>\n<\/ul>\n<p>En cuanto a organizaciones privadas aqu\u00ed tienes tambi\u00e9n un listado de algunas que podr\u00edan hacer convocatorias p\u00fablicas de ayudas a proyectos e iniciativas:<\/p>\n<ul>\n<li>Udalbiltza<\/li>\n<li>Kutxa Fundazioa<\/li>\n<li>BBK Fundazioa<\/li>\n<li>Vital Kutxa Fundazioa<\/li>\n<li>Caixabank<\/li>\n<li>Bankoa<\/li>\n<li>Laboral Kutxa<\/li>\n<li>Empresas privadas<\/li>\n<\/ul>\n<p>Entonces con este listado ahora ya sabes d\u00f3nde puedes buscar esa ayuda que tu proyecto puede necesitar, pero, \u00bfC\u00f3mo hacerlo?.  B\u00e1sicamente tienes dos m\u00e9todos para hacerlo. el primero y el m\u00e1s rudimentario, coger la costumbre de realizar las b\u00fasquedas pertinentes de una manera sistem\u00e1tica y peri\u00f3dica en todos los lugares donde se puede abrir convocatorias que te puedan interesar. Y el segundo, tan solo en los sitios donde se pueda activar esta opci\u00f3n, darte de alta para que te env\u00eden notificaciones que te puedan interesar de una manera automatizada.<\/p>\n<p><em>Esta formaci\u00f3n, se ha desarrollado gracias a una ayuda de la Diputaci\u00f3n foral de Gipuzkoa.<\/em><\/p>\n\n<div style=\"height:100px\" aria-hidden=\"true\" class=\"wp-block-spacer\"><\/div>\n\n<div class=\"wp-block-buttons is-layout-flex wp-block-buttons-is-layout-flex\">\n<div class=\"wp-block-button has-custom-width wp-block-button__width-50 is-style-fill\"><a class=\"wp-block-button__link has-vivid-red-background-color has-background wp-element-button\" href=\"https:\/\/gmail.us20.list-manage.com\/subscribe?u=1e7edce4f7163018cda06f7d9&amp;id=d6acb80f8c\">Recibe nuestra Newsletter<\/a><\/div>\n<\/div>\n","protected":false},"excerpt":{"rendered":"<p>Antes de nada debemos remarcar que las ayudas econ\u00f3micas son una v\u00eda de financiaci\u00f3n para proyectos profesionales y empresariales. Pero a nuestro entender jam\u00e1s debemos de perder la perspectiva de que es, una de las v\u00edas de financiaci\u00f3n sobre la que se puede sustentar un proyecto profesional o empresarial, pero que jam\u00e1s deber\u00eda de ser [&hellip;]<\/p>\n","protected":false},"author":1,"featured_media":4151,"comment_status":"closed","ping_status":"closed","sticky":false,"template":"","format":"standard","meta":{"_et_pb_use_builder":"off","_et_pb_old_content":"","_et_gb_content_width":"","footnotes":""},"categories":[154],"tags":[],"class_list":["post-4161","post","type-post","status-publish","format-standard","has-post-thumbnail","hentry","category-sesiones-de-formacion"],"yoast_head":"<!-- This site is optimized with the Yoast SEO plugin v27.4 - https:\/\/yoast.com\/product\/yoast-seo-wordpress\/ -->\n<title>\u00bfC\u00faando y c\u00f3mo pedir ayudas econ\u00f3micas? - Teila Fabrika<\/title>\n<meta name=\"description\" content=\"Ayudas econ\u00f3micas a empresas, \u00bfcu\u00e1ndo son recomendables para tu proyecto? \u00bfc\u00f3mo las puedes pedir? \u00bfqu\u00e9 tienes que tener en cuenta?\" \/>\n<meta name=\"robots\" content=\"index, follow, max-snippet:-1, max-image-preview:large, max-video-preview:-1\" \/>\n<link rel=\"canonical\" href=\"https:\/\/teilafabrika.eus\/jakin-ezazu-noiz-eta-non-eskatu-behar-dituzun-laguntzak-zure-enpresa-elkarte-edo-zure-proiektu-profesionalarentzat\/\" \/>\n<meta property=\"og:locale\" content=\"es_ES\" \/>\n<meta property=\"og:type\" content=\"article\" \/>\n<meta property=\"og:title\" content=\"\u00bfC\u00faando y c\u00f3mo pedir ayudas econ\u00f3micas? - Teila Fabrika\" \/>\n<meta property=\"og:description\" content=\"Ayudas econ\u00f3micas a empresas, \u00bfcu\u00e1ndo son recomendables para tu proyecto? \u00bfc\u00f3mo las puedes pedir? \u00bfqu\u00e9 tienes que tener en cuenta?\" \/>\n<meta property=\"og:url\" content=\"https:\/\/teilafabrika.eus\/jakin-ezazu-noiz-eta-non-eskatu-behar-dituzun-laguntzak-zure-enpresa-elkarte-edo-zure-proiektu-profesionalarentzat\/\" \/>\n<meta property=\"og:site_name\" content=\"Teila Fabrika\" \/>\n<meta property=\"article:published_time\" content=\"2023-02-06T14:20:31+00:00\" \/>\n<meta property=\"article:modified_time\" content=\"2023-03-08T10:10:44+00:00\" \/>\n<meta property=\"og:image\" content=\"https:\/\/teilafabrika.eus\/wp-content\/uploads\/2023\/02\/2.jpg\" \/>\n\t<meta property=\"og:image:width\" content=\"1080\" \/>\n\t<meta property=\"og:image:height\" content=\"1080\" \/>\n\t<meta property=\"og:image:type\" content=\"image\/jpeg\" \/>\n<meta name=\"author\" content=\"TeilaFabrikaAdmin\" \/>\n<meta name=\"twitter:card\" content=\"summary_large_image\" \/>\n<meta name=\"twitter:label1\" content=\"Escrito por\" \/>\n\t<meta name=\"twitter:data1\" content=\"TeilaFabrikaAdmin\" \/>\n\t<meta name=\"twitter:label2\" content=\"Tiempo de lectura\" \/>\n\t<meta name=\"twitter:data2\" content=\"5 minutos\" \/>\n<script type=\"application\/ld+json\" class=\"yoast-schema-graph\">{\"@context\":\"https:\\\/\\\/schema.org\",\"@graph\":[{\"@type\":\"Article\",\"@id\":\"https:\\\/\\\/teilafabrika.eus\\\/jakin-ezazu-noiz-eta-non-eskatu-behar-dituzun-laguntzak-zure-enpresa-elkarte-edo-zure-proiektu-profesionalarentzat\\\/#article\",\"isPartOf\":{\"@id\":\"https:\\\/\\\/teilafabrika.eus\\\/jakin-ezazu-noiz-eta-non-eskatu-behar-dituzun-laguntzak-zure-enpresa-elkarte-edo-zure-proiektu-profesionalarentzat\\\/\"},\"author\":{\"name\":\"TeilaFabrikaAdmin\",\"@id\":\"https:\\\/\\\/teilafabrika.eus\\\/#\\\/schema\\\/person\\\/92376c0b404f9c92fcc8bdf5fe6b51c4\"},\"headline\":\"Descubre cu\u00e1ndo, d\u00f3nde y c\u00f3mo pedir ayudas para tu empresa, asociaci\u00f3n o proyecto profesional.\",\"datePublished\":\"2023-02-06T14:20:31+00:00\",\"dateModified\":\"2023-03-08T10:10:44+00:00\",\"mainEntityOfPage\":{\"@id\":\"https:\\\/\\\/teilafabrika.eus\\\/jakin-ezazu-noiz-eta-non-eskatu-behar-dituzun-laguntzak-zure-enpresa-elkarte-edo-zure-proiektu-profesionalarentzat\\\/\"},\"wordCount\":919,\"publisher\":{\"@id\":\"https:\\\/\\\/teilafabrika.eus\\\/#organization\"},\"image\":{\"@id\":\"https:\\\/\\\/teilafabrika.eus\\\/jakin-ezazu-noiz-eta-non-eskatu-behar-dituzun-laguntzak-zure-enpresa-elkarte-edo-zure-proiektu-profesionalarentzat\\\/#primaryimage\"},\"thumbnailUrl\":\"https:\\\/\\\/teilafabrika.eus\\\/wp-content\\\/uploads\\\/2023\\\/02\\\/2.jpg\",\"articleSection\":[\"SESIONES DE FORMACI\u00d3N\"],\"inLanguage\":\"es\"},{\"@type\":\"WebPage\",\"@id\":\"https:\\\/\\\/teilafabrika.eus\\\/jakin-ezazu-noiz-eta-non-eskatu-behar-dituzun-laguntzak-zure-enpresa-elkarte-edo-zure-proiektu-profesionalarentzat\\\/\",\"url\":\"https:\\\/\\\/teilafabrika.eus\\\/jakin-ezazu-noiz-eta-non-eskatu-behar-dituzun-laguntzak-zure-enpresa-elkarte-edo-zure-proiektu-profesionalarentzat\\\/\",\"name\":\"\u00bfC\u00faando y c\u00f3mo pedir ayudas econ\u00f3micas? - Teila Fabrika\",\"isPartOf\":{\"@id\":\"https:\\\/\\\/teilafabrika.eus\\\/#website\"},\"primaryImageOfPage\":{\"@id\":\"https:\\\/\\\/teilafabrika.eus\\\/jakin-ezazu-noiz-eta-non-eskatu-behar-dituzun-laguntzak-zure-enpresa-elkarte-edo-zure-proiektu-profesionalarentzat\\\/#primaryimage\"},\"image\":{\"@id\":\"https:\\\/\\\/teilafabrika.eus\\\/jakin-ezazu-noiz-eta-non-eskatu-behar-dituzun-laguntzak-zure-enpresa-elkarte-edo-zure-proiektu-profesionalarentzat\\\/#primaryimage\"},\"thumbnailUrl\":\"https:\\\/\\\/teilafabrika.eus\\\/wp-content\\\/uploads\\\/2023\\\/02\\\/2.jpg\",\"datePublished\":\"2023-02-06T14:20:31+00:00\",\"dateModified\":\"2023-03-08T10:10:44+00:00\",\"description\":\"Ayudas econ\u00f3micas a empresas, \u00bfcu\u00e1ndo son recomendables para tu proyecto? \u00bfc\u00f3mo las puedes pedir? \u00bfqu\u00e9 tienes que tener en cuenta?\",\"breadcrumb\":{\"@id\":\"https:\\\/\\\/teilafabrika.eus\\\/jakin-ezazu-noiz-eta-non-eskatu-behar-dituzun-laguntzak-zure-enpresa-elkarte-edo-zure-proiektu-profesionalarentzat\\\/#breadcrumb\"},\"inLanguage\":\"es\",\"potentialAction\":[{\"@type\":\"ReadAction\",\"target\":[\"https:\\\/\\\/teilafabrika.eus\\\/jakin-ezazu-noiz-eta-non-eskatu-behar-dituzun-laguntzak-zure-enpresa-elkarte-edo-zure-proiektu-profesionalarentzat\\\/\"]}]},{\"@type\":\"ImageObject\",\"inLanguage\":\"es\",\"@id\":\"https:\\\/\\\/teilafabrika.eus\\\/jakin-ezazu-noiz-eta-non-eskatu-behar-dituzun-laguntzak-zure-enpresa-elkarte-edo-zure-proiektu-profesionalarentzat\\\/#primaryimage\",\"url\":\"https:\\\/\\\/teilafabrika.eus\\\/wp-content\\\/uploads\\\/2023\\\/02\\\/2.jpg\",\"contentUrl\":\"https:\\\/\\\/teilafabrika.eus\\\/wp-content\\\/uploads\\\/2023\\\/02\\\/2.jpg\",\"width\":1080,\"height\":1080},{\"@type\":\"BreadcrumbList\",\"@id\":\"https:\\\/\\\/teilafabrika.eus\\\/jakin-ezazu-noiz-eta-non-eskatu-behar-dituzun-laguntzak-zure-enpresa-elkarte-edo-zure-proiektu-profesionalarentzat\\\/#breadcrumb\",\"itemListElement\":[{\"@type\":\"ListItem\",\"position\":1,\"name\":\"Home\",\"item\":\"https:\\\/\\\/teilafabrika.eus\\\/\"},{\"@type\":\"ListItem\",\"position\":2,\"name\":\"Descubre cu\u00e1ndo, d\u00f3nde y c\u00f3mo pedir ayudas para tu empresa, asociaci\u00f3n o proyecto profesional.\"}]},{\"@type\":\"WebSite\",\"@id\":\"https:\\\/\\\/teilafabrika.eus\\\/#website\",\"url\":\"https:\\\/\\\/teilafabrika.eus\\\/\",\"name\":\"Teila Fabrika\",\"description\":\"Elkarlanean ekiteko eta konektatzeko coworking espazioa\",\"publisher\":{\"@id\":\"https:\\\/\\\/teilafabrika.eus\\\/#organization\"},\"potentialAction\":[{\"@type\":\"SearchAction\",\"target\":{\"@type\":\"EntryPoint\",\"urlTemplate\":\"https:\\\/\\\/teilafabrika.eus\\\/?s={search_term_string}\"},\"query-input\":{\"@type\":\"PropertyValueSpecification\",\"valueRequired\":true,\"valueName\":\"search_term_string\"}}],\"inLanguage\":\"es\"},{\"@type\":\"Organization\",\"@id\":\"https:\\\/\\\/teilafabrika.eus\\\/#organization\",\"name\":\"Teila Fabrika\",\"url\":\"https:\\\/\\\/teilafabrika.eus\\\/\",\"logo\":{\"@type\":\"ImageObject\",\"inLanguage\":\"es\",\"@id\":\"https:\\\/\\\/teilafabrika.eus\\\/#\\\/schema\\\/logo\\\/image\\\/\",\"url\":\"https:\\\/\\\/teilafabrika.eus\\\/wp-content\\\/uploads\\\/2020\\\/11\\\/Teila-fabrika-egia-coworking.png\",\"contentUrl\":\"https:\\\/\\\/teilafabrika.eus\\\/wp-content\\\/uploads\\\/2020\\\/11\\\/Teila-fabrika-egia-coworking.png\",\"width\":315,\"height\":154,\"caption\":\"Teila Fabrika\"},\"image\":{\"@id\":\"https:\\\/\\\/teilafabrika.eus\\\/#\\\/schema\\\/logo\\\/image\\\/\"}},{\"@type\":\"Person\",\"@id\":\"https:\\\/\\\/teilafabrika.eus\\\/#\\\/schema\\\/person\\\/92376c0b404f9c92fcc8bdf5fe6b51c4\",\"name\":\"TeilaFabrikaAdmin\",\"image\":{\"@type\":\"ImageObject\",\"inLanguage\":\"es\",\"@id\":\"https:\\\/\\\/secure.gravatar.com\\\/avatar\\\/be17bfad1e03ae47f13acf38637810903e67dee34c4be5515e79112c1e79ee37?s=96&d=mm&r=g\",\"url\":\"https:\\\/\\\/secure.gravatar.com\\\/avatar\\\/be17bfad1e03ae47f13acf38637810903e67dee34c4be5515e79112c1e79ee37?s=96&d=mm&r=g\",\"contentUrl\":\"https:\\\/\\\/secure.gravatar.com\\\/avatar\\\/be17bfad1e03ae47f13acf38637810903e67dee34c4be5515e79112c1e79ee37?s=96&d=mm&r=g\",\"caption\":\"TeilaFabrikaAdmin\"}}]}<\/script>\n<!-- \/ Yoast SEO plugin. -->","yoast_head_json":{"title":"\u00bfC\u00faando y c\u00f3mo pedir ayudas econ\u00f3micas? - Teila Fabrika","description":"Ayudas econ\u00f3micas a empresas, \u00bfcu\u00e1ndo son recomendables para tu proyecto? \u00bfc\u00f3mo las puedes pedir? \u00bfqu\u00e9 tienes que tener en cuenta?","robots":{"index":"index","follow":"follow","max-snippet":"max-snippet:-1","max-image-preview":"max-image-preview:large","max-video-preview":"max-video-preview:-1"},"canonical":"https:\/\/teilafabrika.eus\/jakin-ezazu-noiz-eta-non-eskatu-behar-dituzun-laguntzak-zure-enpresa-elkarte-edo-zure-proiektu-profesionalarentzat\/","og_locale":"es_ES","og_type":"article","og_title":"\u00bfC\u00faando y c\u00f3mo pedir ayudas econ\u00f3micas? - Teila Fabrika","og_description":"Ayudas econ\u00f3micas a empresas, \u00bfcu\u00e1ndo son recomendables para tu proyecto? \u00bfc\u00f3mo las puedes pedir? \u00bfqu\u00e9 tienes que tener en cuenta?","og_url":"https:\/\/teilafabrika.eus\/jakin-ezazu-noiz-eta-non-eskatu-behar-dituzun-laguntzak-zure-enpresa-elkarte-edo-zure-proiektu-profesionalarentzat\/","og_site_name":"Teila Fabrika","article_published_time":"2023-02-06T14:20:31+00:00","article_modified_time":"2023-03-08T10:10:44+00:00","og_image":[{"width":1080,"height":1080,"url":"https:\/\/teilafabrika.eus\/wp-content\/uploads\/2023\/02\/2.jpg","type":"image\/jpeg"}],"author":"TeilaFabrikaAdmin","twitter_card":"summary_large_image","twitter_misc":{"Escrito por":"TeilaFabrikaAdmin","Tiempo de lectura":"5 minutos"},"schema":{"@context":"https:\/\/schema.org","@graph":[{"@type":"Article","@id":"https:\/\/teilafabrika.eus\/jakin-ezazu-noiz-eta-non-eskatu-behar-dituzun-laguntzak-zure-enpresa-elkarte-edo-zure-proiektu-profesionalarentzat\/#article","isPartOf":{"@id":"https:\/\/teilafabrika.eus\/jakin-ezazu-noiz-eta-non-eskatu-behar-dituzun-laguntzak-zure-enpresa-elkarte-edo-zure-proiektu-profesionalarentzat\/"},"author":{"name":"TeilaFabrikaAdmin","@id":"https:\/\/teilafabrika.eus\/#\/schema\/person\/92376c0b404f9c92fcc8bdf5fe6b51c4"},"headline":"Descubre cu\u00e1ndo, d\u00f3nde y c\u00f3mo pedir ayudas para tu empresa, asociaci\u00f3n o proyecto profesional.","datePublished":"2023-02-06T14:20:31+00:00","dateModified":"2023-03-08T10:10:44+00:00","mainEntityOfPage":{"@id":"https:\/\/teilafabrika.eus\/jakin-ezazu-noiz-eta-non-eskatu-behar-dituzun-laguntzak-zure-enpresa-elkarte-edo-zure-proiektu-profesionalarentzat\/"},"wordCount":919,"publisher":{"@id":"https:\/\/teilafabrika.eus\/#organization"},"image":{"@id":"https:\/\/teilafabrika.eus\/jakin-ezazu-noiz-eta-non-eskatu-behar-dituzun-laguntzak-zure-enpresa-elkarte-edo-zure-proiektu-profesionalarentzat\/#primaryimage"},"thumbnailUrl":"https:\/\/teilafabrika.eus\/wp-content\/uploads\/2023\/02\/2.jpg","articleSection":["SESIONES DE FORMACI\u00d3N"],"inLanguage":"es"},{"@type":"WebPage","@id":"https:\/\/teilafabrika.eus\/jakin-ezazu-noiz-eta-non-eskatu-behar-dituzun-laguntzak-zure-enpresa-elkarte-edo-zure-proiektu-profesionalarentzat\/","url":"https:\/\/teilafabrika.eus\/jakin-ezazu-noiz-eta-non-eskatu-behar-dituzun-laguntzak-zure-enpresa-elkarte-edo-zure-proiektu-profesionalarentzat\/","name":"\u00bfC\u00faando y c\u00f3mo pedir ayudas econ\u00f3micas? - Teila Fabrika","isPartOf":{"@id":"https:\/\/teilafabrika.eus\/#website"},"primaryImageOfPage":{"@id":"https:\/\/teilafabrika.eus\/jakin-ezazu-noiz-eta-non-eskatu-behar-dituzun-laguntzak-zure-enpresa-elkarte-edo-zure-proiektu-profesionalarentzat\/#primaryimage"},"image":{"@id":"https:\/\/teilafabrika.eus\/jakin-ezazu-noiz-eta-non-eskatu-behar-dituzun-laguntzak-zure-enpresa-elkarte-edo-zure-proiektu-profesionalarentzat\/#primaryimage"},"thumbnailUrl":"https:\/\/teilafabrika.eus\/wp-content\/uploads\/2023\/02\/2.jpg","datePublished":"2023-02-06T14:20:31+00:00","dateModified":"2023-03-08T10:10:44+00:00","description":"Ayudas econ\u00f3micas a empresas, \u00bfcu\u00e1ndo son recomendables para tu proyecto? \u00bfc\u00f3mo las puedes pedir? \u00bfqu\u00e9 tienes que tener en cuenta?","breadcrumb":{"@id":"https:\/\/teilafabrika.eus\/jakin-ezazu-noiz-eta-non-eskatu-behar-dituzun-laguntzak-zure-enpresa-elkarte-edo-zure-proiektu-profesionalarentzat\/#breadcrumb"},"inLanguage":"es","potentialAction":[{"@type":"ReadAction","target":["https:\/\/teilafabrika.eus\/jakin-ezazu-noiz-eta-non-eskatu-behar-dituzun-laguntzak-zure-enpresa-elkarte-edo-zure-proiektu-profesionalarentzat\/"]}]},{"@type":"ImageObject","inLanguage":"es","@id":"https:\/\/teilafabrika.eus\/jakin-ezazu-noiz-eta-non-eskatu-behar-dituzun-laguntzak-zure-enpresa-elkarte-edo-zure-proiektu-profesionalarentzat\/#primaryimage","url":"https:\/\/teilafabrika.eus\/wp-content\/uploads\/2023\/02\/2.jpg","contentUrl":"https:\/\/teilafabrika.eus\/wp-content\/uploads\/2023\/02\/2.jpg","width":1080,"height":1080},{"@type":"BreadcrumbList","@id":"https:\/\/teilafabrika.eus\/jakin-ezazu-noiz-eta-non-eskatu-behar-dituzun-laguntzak-zure-enpresa-elkarte-edo-zure-proiektu-profesionalarentzat\/#breadcrumb","itemListElement":[{"@type":"ListItem","position":1,"name":"Home","item":"https:\/\/teilafabrika.eus\/"},{"@type":"ListItem","position":2,"name":"Descubre cu\u00e1ndo, d\u00f3nde y c\u00f3mo pedir ayudas para tu empresa, asociaci\u00f3n o proyecto profesional."}]},{"@type":"WebSite","@id":"https:\/\/teilafabrika.eus\/#website","url":"https:\/\/teilafabrika.eus\/","name":"Teila Fabrika","description":"Elkarlanean ekiteko eta konektatzeko coworking espazioa","publisher":{"@id":"https:\/\/teilafabrika.eus\/#organization"},"potentialAction":[{"@type":"SearchAction","target":{"@type":"EntryPoint","urlTemplate":"https:\/\/teilafabrika.eus\/?s={search_term_string}"},"query-input":{"@type":"PropertyValueSpecification","valueRequired":true,"valueName":"search_term_string"}}],"inLanguage":"es"},{"@type":"Organization","@id":"https:\/\/teilafabrika.eus\/#organization","name":"Teila Fabrika","url":"https:\/\/teilafabrika.eus\/","logo":{"@type":"ImageObject","inLanguage":"es","@id":"https:\/\/teilafabrika.eus\/#\/schema\/logo\/image\/","url":"https:\/\/teilafabrika.eus\/wp-content\/uploads\/2020\/11\/Teila-fabrika-egia-coworking.png","contentUrl":"https:\/\/teilafabrika.eus\/wp-content\/uploads\/2020\/11\/Teila-fabrika-egia-coworking.png","width":315,"height":154,"caption":"Teila Fabrika"},"image":{"@id":"https:\/\/teilafabrika.eus\/#\/schema\/logo\/image\/"}},{"@type":"Person","@id":"https:\/\/teilafabrika.eus\/#\/schema\/person\/92376c0b404f9c92fcc8bdf5fe6b51c4","name":"TeilaFabrikaAdmin","image":{"@type":"ImageObject","inLanguage":"es","@id":"https:\/\/secure.gravatar.com\/avatar\/be17bfad1e03ae47f13acf38637810903e67dee34c4be5515e79112c1e79ee37?s=96&d=mm&r=g","url":"https:\/\/secure.gravatar.com\/avatar\/be17bfad1e03ae47f13acf38637810903e67dee34c4be5515e79112c1e79ee37?s=96&d=mm&r=g","contentUrl":"https:\/\/secure.gravatar.com\/avatar\/be17bfad1e03ae47f13acf38637810903e67dee34c4be5515e79112c1e79ee37?s=96&d=mm&r=g","caption":"TeilaFabrikaAdmin"}}]}},"_links":{"self":[{"href":"https:\/\/teilafabrika.eus\/es\/wp-json\/wp\/v2\/posts\/4161","targetHints":{"allow":["GET"]}}],"collection":[{"href":"https:\/\/teilafabrika.eus\/es\/wp-json\/wp\/v2\/posts"}],"about":[{"href":"https:\/\/teilafabrika.eus\/es\/wp-json\/wp\/v2\/types\/post"}],"author":[{"embeddable":true,"href":"https:\/\/teilafabrika.eus\/es\/wp-json\/wp\/v2\/users\/1"}],"replies":[{"embeddable":true,"href":"https:\/\/teilafabrika.eus\/es\/wp-json\/wp\/v2\/comments?post=4161"}],"version-history":[{"count":4,"href":"https:\/\/teilafabrika.eus\/es\/wp-json\/wp\/v2\/posts\/4161\/revisions"}],"predecessor-version":[{"id":4235,"href":"https:\/\/teilafabrika.eus\/es\/wp-json\/wp\/v2\/posts\/4161\/revisions\/4235"}],"wp:featuredmedia":[{"embeddable":true,"href":"https:\/\/teilafabrika.eus\/es\/wp-json\/wp\/v2\/media\/4151"}],"wp:attachment":[{"href":"https:\/\/teilafabrika.eus\/es\/wp-json\/wp\/v2\/media?parent=4161"}],"wp:term":[{"taxonomy":"category","embeddable":true,"href":"https:\/\/teilafabrika.eus\/es\/wp-json\/wp\/v2\/categories?post=4161"},{"taxonomy":"post_tag","embeddable":true,"href":"https:\/\/teilafabrika.eus\/es\/wp-json\/wp\/v2\/tags?post=4161"}],"curies":[{"name":"wp","href":"https:\/\/api.w.org\/{rel}","templated":true}]}}